{"id":12483,"date":"2023-04-20T09:04:11","date_gmt":"2023-04-20T12:04:11","guid":{"rendered":"https:\/\/ocomerciario.com.br\/?p=12483"},"modified":"2023-04-20T10:24:56","modified_gmt":"2023-04-20T13:24:56","slug":"convencao-coletiva-do-trabalho-sindatacado-2023-ja-esta-disponivel-confira","status":"publish","type":"post","link":"https:\/\/ocomerciario.com.br\/index.php\/2023\/04\/20\/convencao-coletiva-do-trabalho-sindatacado-2023-ja-esta-disponivel-confira\/","title":{"rendered":"Conven\u00e7\u00e3o Coletiva do Trabalho \u2014 SINDATACADO \u2014 2023 j\u00e1 est\u00e1 dispon\u00edvel! Confira!"},"content":{"rendered":"\n<figure class=\"wp-block-image size-large\"><img loading=\"lazy\" width=\"1024\" height=\"701\" src=\"https:\/\/ocomerciario.com.br\/wp-content\/uploads\/2023\/04\/CCT-ATACADISTAS_Prancheta-1_Prancheta-1-1024x701.png\" alt=\"\" class=\"wp-image-12491\" srcset=\"https:\/\/ocomerciario.com.br\/wp-content\/uploads\/2023\/04\/CCT-ATACADISTAS_Prancheta-1_Prancheta-1-1024x701.png 1024w, https:\/\/ocomerciario.com.br\/wp-content\/uploads\/2023\/04\/CCT-ATACADISTAS_Prancheta-1_Prancheta-1-300x205.png 300w, https:\/\/ocomerciario.com.br\/wp-content\/uploads\/2023\/04\/CCT-ATACADISTAS_Prancheta-1_Prancheta-1-768x526.png 768w, https:\/\/ocomerciario.com.br\/wp-content\/uploads\/2023\/04\/CCT-ATACADISTAS_Prancheta-1_Prancheta-1-1536x1052.png 1536w, https:\/\/ocomerciario.com.br\/wp-content\/uploads\/2023\/04\/CCT-ATACADISTAS_Prancheta-1_Prancheta-1-2048x1403.png 2048w, https:\/\/ocomerciario.com.br\/wp-content\/uploads\/2023\/04\/CCT-ATACADISTAS_Prancheta-1_Prancheta-1-1320x904.png 1320w\" sizes=\"(max-width: 1024px) 100vw, 1024px\" \/><\/figure>\n\n\n\n<p>O <strong>SECVC <\/strong>\u2013 Sindicato dos Trabalhadores no Com\u00e9rcio de Bens e Servi\u00e7os de Vit\u00f3ria da Conquista e o <strong>SINDATACADO <\/strong>&#8211; Sindicato do Com\u00e9rcio Atacadista e Distribuidores de Generos Aliment\u00edcios do Estado da Bahia firmaram a <a href=\"https:\/\/ocomerciario.com.br\/wp-content\/uploads\/2023\/04\/Convenc%CC%A7a%CC%83o-Coletiva-Sindatacado-e-SECVC.pdf\"><strong>Conven\u00e7\u00e3o Coletiva de Trabalho &#8211; 2023<\/strong><\/a>, com vig\u00eancia de 01 de abril de 2023 a 31 de dezembro de 2023.<\/p>\n\n\n\n<p>A Conven\u00e7\u00e3o \u00e9 o principal instrumento de manuten\u00e7\u00e3o dos direitos dos trabalhadores e cont\u00e9m informa\u00e7\u00f5es como funcionamento em feriados, piso salarial e horas extras! N\u00e3o deixe de conferir!<\/p>\n\n\n\n<p>A Conven\u00e7\u00e3o est\u00e1 dispon\u00edvel para download no Menu<strong>&nbsp;<a href=\"https:\/\/ocomerciario.com.br\/index.php\/convencoes\/\">\u201cConven\u00e7\u00f5es\u201d.<\/a><\/strong><\/p>\n\n\n\n<p>Para mais informa\u00e7\u00f5es, entre em contato atrav\u00e9s do telefone (77) 2101\u20132201, ou dos e-mails do SECVC!<\/p>\n","protected":false},"excerpt":{"rendered":"<p>O SECVC \u2013 Sindicato dos Trabalhadores no Com\u00e9rcio de Bens e Servi\u00e7os de Vit\u00f3ria da Conquista e o SINDATACADO &#8211; Sindicato do Com\u00e9rcio Atacadista e Distribuidores de Generos Aliment\u00edcios do Estado da Bahia firmaram a Conven\u00e7\u00e3o Coletiva de Trabalho &#8211; 2023, com vig\u00eancia de 01 de abril de 2023 a 31 de dezembro de 2023. [&hellip;]<\/p>\n","protected":false},"author":2,"featured_media":12491,"comment_status":"open","ping_status":"open","sticky":true,"template":"","format":"standard","meta":[],"categories":[2],"tags":[],"_links":{"self":[{"href":"https:\/\/ocomerciario.com.br\/index.php\/wp-json\/wp\/v2\/posts\/12483"}],"collection":[{"href":"https:\/\/ocomerciario.com.br\/index.php\/wp-json\/wp\/v2\/posts"}],"about":[{"href":"https:\/\/ocomerciario.com.br\/index.php\/wp-json\/wp\/v2\/types\/post"}],"author":[{"embeddable":true,"href":"https:\/\/ocomerciario.com.br\/index.php\/wp-json\/wp\/v2\/users\/2"}],"replies":[{"embeddable":true,"href":"https:\/\/ocomerciario.com.br\/index.php\/wp-json\/wp\/v2\/comments?post=12483"}],"version-history":[{"count":3,"href":"https:\/\/ocomerciario.com.br\/index.php\/wp-json\/wp\/v2\/posts\/12483\/revisions"}],"predecessor-version":[{"id":12494,"href":"https:\/\/ocomerciario.com.br\/index.php\/wp-json\/wp\/v2\/posts\/12483\/revisions\/12494"}],"wp:featuredmedia":[{"embeddable":true,"href":"https:\/\/ocomerciario.com.br\/index.php\/wp-json\/wp\/v2\/media\/12491"}],"wp:attachment":[{"href":"https:\/\/ocomerciario.com.br\/index.php\/wp-json\/wp\/v2\/media?parent=12483"}],"wp:term":[{"taxonomy":"category","embeddable":true,"href":"https:\/\/ocomerciario.com.br\/index.php\/wp-json\/wp\/v2\/categories?post=12483"},{"taxonomy":"post_tag","embeddable":true,"href":"https:\/\/ocomerciario.com.br\/index.php\/wp-json\/wp\/v2\/tags?post=12483"}],"curies":[{"name":"wp","href":"https:\/\/api.w.org\/{rel}","templated":true}]}}