{"id":12263,"date":"2022-08-01T10:52:15","date_gmt":"2022-08-01T13:52:15","guid":{"rendered":"https:\/\/ocomerciario.com.br\/?p=12263"},"modified":"2022-08-03T16:02:29","modified_gmt":"2022-08-03T19:02:29","slug":"4a-plenaria-sindical-dos-comerciarios-do-oeste-sudoeste-e-chapada-da-bahia","status":"publish","type":"post","link":"https:\/\/ocomerciario.com.br\/index.php\/2022\/08\/01\/4a-plenaria-sindical-dos-comerciarios-do-oeste-sudoeste-e-chapada-da-bahia\/","title":{"rendered":"4\u00aa Plen\u00e1ria Sindical dos Comerci\u00e1rios do Oeste, Sudoeste e Chapada da Bahia"},"content":{"rendered":"\n<p>Com o tema \u201cTodos em defesa do Desenvolvimento com Avan\u00e7os Sociais no Brasil\u201d ocorreu no dia 30 de julho no munic\u00edpio de Brumado, a quarta Plen\u00e1ria Sindical dos Comerci\u00e1rios do Oeste, Sudoeste e Chapada da Bahia.<\/p>\n\n\n\n<p>Organizadas e coordenadas pela Federa\u00e7\u00e3o dos Empregados no Com\u00e9rcio de Bens e Servi\u00e7os do Estado da Bahia, as Plen\u00e1rias, que ocorrem em todas as regi\u00f5es do estado, t\u00eam como objetivo central discutir a problem\u00e1tica da rela\u00e7\u00e3o de trabalho do comerci\u00e1rio para atrav\u00e9s da informa\u00e7\u00e3o, da troca de experi\u00eancia, do debate, da s\u00edntese das lutas e dos anseios de cada regi\u00e3o projet\u00e1-las em a\u00e7\u00f5es sindicais conjuntas, buscando consolidar os direitos e as conquistas em todo o estado.<\/p>\n\n\n\n<p>Coordenada por M\u00e1rcio Fatel, tendo como anfitri\u00e3 Camila Carvalho, Presidente do Sindicato dos Comerci\u00e1rios de Brumado e Regi\u00e3o, a quarta Plen\u00e1ria do Oeste, Sudoeste e Chapada da Bahia teve a participa\u00e7\u00e3o ampla de sindicalistas da base dessas regi\u00f5es, que trouxeram ao debate quest\u00f5es fundamentais que permeiam o dia-a-dia da luta comerci\u00e1ria nas suas regi\u00f5es.<\/p>\n\n\n\n<figure class=\"wp-block-image size-large\"><img loading=\"lazy\" width=\"1024\" height=\"768\" src=\"https:\/\/ocomerciario.com.br\/wp-content\/uploads\/2022\/08\/foto-01-public-sindicato-1024x768.jpeg\" alt=\"\" class=\"wp-image-12264\" srcset=\"https:\/\/ocomerciario.com.br\/wp-content\/uploads\/2022\/08\/foto-01-public-sindicato-1024x768.jpeg 1024w, https:\/\/ocomerciario.com.br\/wp-content\/uploads\/2022\/08\/foto-01-public-sindicato-300x225.jpeg 300w, https:\/\/ocomerciario.com.br\/wp-content\/uploads\/2022\/08\/foto-01-public-sindicato-768x576.jpeg 768w, https:\/\/ocomerciario.com.br\/wp-content\/uploads\/2022\/08\/foto-01-public-sindicato-1536x1152.jpeg 1536w, https:\/\/ocomerciario.com.br\/wp-content\/uploads\/2022\/08\/foto-01-public-sindicato-1320x990.jpeg 1320w, https:\/\/ocomerciario.com.br\/wp-content\/uploads\/2022\/08\/foto-01-public-sindicato.jpeg 1600w\" sizes=\"(max-width: 1024px) 100vw, 1024px\" \/><\/figure>\n\n\n\n<p><\/p>\n\n\n\n<figure class=\"wp-block-image size-large\"><img loading=\"lazy\" width=\"1024\" height=\"1024\" src=\"https:\/\/ocomerciario.com.br\/wp-content\/uploads\/2022\/08\/foto-02-public-sindicato-1-1024x1024.jpeg\" alt=\"\" class=\"wp-image-12266\" srcset=\"https:\/\/ocomerciario.com.br\/wp-content\/uploads\/2022\/08\/foto-02-public-sindicato-1-1024x1024.jpeg 1024w, https:\/\/ocomerciario.com.br\/wp-content\/uploads\/2022\/08\/foto-02-public-sindicato-1-300x300.jpeg 300w, https:\/\/ocomerciario.com.br\/wp-content\/uploads\/2022\/08\/foto-02-public-sindicato-1-150x150.jpeg 150w, https:\/\/ocomerciario.com.br\/wp-content\/uploads\/2022\/08\/foto-02-public-sindicato-1-768x768.jpeg 768w, https:\/\/ocomerciario.com.br\/wp-content\/uploads\/2022\/08\/foto-02-public-sindicato-1-600x600.jpeg 600w, https:\/\/ocomerciario.com.br\/wp-content\/uploads\/2022\/08\/foto-02-public-sindicato-1.jpeg 1080w\" sizes=\"(max-width: 1024px) 100vw, 1024px\" \/><\/figure>\n","protected":false},"excerpt":{"rendered":"<p>Com o tema \u201cTodos em defesa do Desenvolvimento com Avan\u00e7os Sociais no Brasil\u201d ocorreu no dia 30 de julho no munic\u00edpio de Brumado, a quarta Plen\u00e1ria Sindical dos Comerci\u00e1rios do Oeste, Sudoeste e Chapada da Bahia. Organizadas e coordenadas pela Federa\u00e7\u00e3o dos Empregados no Com\u00e9rcio de Bens e Servi\u00e7os do Estado da Bahia, as Plen\u00e1rias, [&hellip;]<\/p>\n","protected":false},"author":2,"featured_media":12264,"comment_status":"open","ping_status":"open","sticky":true,"template":"","format":"standard","meta":[],"categories":[2],"tags":[],"_links":{"self":[{"href":"https:\/\/ocomerciario.com.br\/index.php\/wp-json\/wp\/v2\/posts\/12263"}],"collection":[{"href":"https:\/\/ocomerciario.com.br\/index.php\/wp-json\/wp\/v2\/posts"}],"about":[{"href":"https:\/\/ocomerciario.com.br\/index.php\/wp-json\/wp\/v2\/types\/post"}],"author":[{"embeddable":true,"href":"https:\/\/ocomerciario.com.br\/index.php\/wp-json\/wp\/v2\/users\/2"}],"replies":[{"embeddable":true,"href":"https:\/\/ocomerciario.com.br\/index.php\/wp-json\/wp\/v2\/comments?post=12263"}],"version-history":[{"count":1,"href":"https:\/\/ocomerciario.com.br\/index.php\/wp-json\/wp\/v2\/posts\/12263\/revisions"}],"predecessor-version":[{"id":12267,"href":"https:\/\/ocomerciario.com.br\/index.php\/wp-json\/wp\/v2\/posts\/12263\/revisions\/12267"}],"wp:featuredmedia":[{"embeddable":true,"href":"https:\/\/ocomerciario.com.br\/index.php\/wp-json\/wp\/v2\/media\/12264"}],"wp:attachment":[{"href":"https:\/\/ocomerciario.com.br\/index.php\/wp-json\/wp\/v2\/media?parent=12263"}],"wp:term":[{"taxonomy":"category","embeddable":true,"href":"https:\/\/ocomerciario.com.br\/index.php\/wp-json\/wp\/v2\/categories?post=12263"},{"taxonomy":"post_tag","embeddable":true,"href":"https:\/\/ocomerciario.com.br\/index.php\/wp-json\/wp\/v2\/tags?post=12263"}],"curies":[{"name":"wp","href":"https:\/\/api.w.org\/{rel}","templated":true}]}}