{"id":11603,"date":"2020-01-31T18:37:56","date_gmt":"2020-01-31T21:37:56","guid":{"rendered":"https:\/\/ocomerciario.com.br\/?p=11603"},"modified":"2020-01-31T18:58:16","modified_gmt":"2020-01-31T21:58:16","slug":"convencao-coletiva-do-trabalho-supermercados-e-auto-servicos-2020-ja-disponivel-confira","status":"publish","type":"post","link":"https:\/\/ocomerciario.com.br\/index.php\/2020\/01\/31\/convencao-coletiva-do-trabalho-supermercados-e-auto-servicos-2020-ja-disponivel-confira\/","title":{"rendered":"Conven\u00e7\u00e3o Coletiva do Trabalho &#8211; Supermercados e Auto Servi\u00e7os \u2013 2020 j\u00e1 dispon\u00edvel! Confira!"},"content":{"rendered":"\n<p>O Sindicato dos Supermercados e Atacados de Auto-Servi\u00e7o do Estado Bahia &#8211; SINDSUPER  e o Sindicato dos Empregados no Com\u00e9rcio de Vit\u00f3ria da Conquista firmaram&nbsp;em 29\/01\/2020, a Conven\u00e7\u00e3o Coletiva do Trabalho -Supermercados e Auto Servi\u00e7os \u2013 2020, com vig\u00eancia de 01 de janeiro de 2020 a 31 de dezembro de 2020. Dispon\u00edvel para download no menu Conven\u00e7\u00f5es!!! <\/p>\n","protected":false},"excerpt":{"rendered":"<p>O Sindicato dos Supermercados e Atacados de Auto-Servi\u00e7o do Estado Bahia &#8211; SINDSUPER e o Sindicato dos Empregados no Com\u00e9rcio de Vit\u00f3ria da Conquista firmaram&nbsp;em 29\/01\/2020, a Conven\u00e7\u00e3o Coletiva do Trabalho -Supermercados e Auto Servi\u00e7os \u2013 2020, com vig\u00eancia de 01 de janeiro de 2020 a 31 de dezembro de 2020. Dispon\u00edvel para download no [&hellip;]<\/p>\n","protected":false},"author":2,"featured_media":11610,"comment_status":"open","ping_status":"open","sticky":false,"template":"","format":"standard","meta":[],"categories":[2],"tags":[],"_links":{"self":[{"href":"https:\/\/ocomerciario.com.br\/index.php\/wp-json\/wp\/v2\/posts\/11603"}],"collection":[{"href":"https:\/\/ocomerciario.com.br\/index.php\/wp-json\/wp\/v2\/posts"}],"about":[{"href":"https:\/\/ocomerciario.com.br\/index.php\/wp-json\/wp\/v2\/types\/post"}],"author":[{"embeddable":true,"href":"https:\/\/ocomerciario.com.br\/index.php\/wp-json\/wp\/v2\/users\/2"}],"replies":[{"embeddable":true,"href":"https:\/\/ocomerciario.com.br\/index.php\/wp-json\/wp\/v2\/comments?post=11603"}],"version-history":[{"count":3,"href":"https:\/\/ocomerciario.com.br\/index.php\/wp-json\/wp\/v2\/posts\/11603\/revisions"}],"predecessor-version":[{"id":11611,"href":"https:\/\/ocomerciario.com.br\/index.php\/wp-json\/wp\/v2\/posts\/11603\/revisions\/11611"}],"wp:featuredmedia":[{"embeddable":true,"href":"https:\/\/ocomerciario.com.br\/index.php\/wp-json\/wp\/v2\/media\/11610"}],"wp:attachment":[{"href":"https:\/\/ocomerciario.com.br\/index.php\/wp-json\/wp\/v2\/media?parent=11603"}],"wp:term":[{"taxonomy":"category","embeddable":true,"href":"https:\/\/ocomerciario.com.br\/index.php\/wp-json\/wp\/v2\/categories?post=11603"},{"taxonomy":"post_tag","embeddable":true,"href":"https:\/\/ocomerciario.com.br\/index.php\/wp-json\/wp\/v2\/tags?post=11603"}],"curies":[{"name":"wp","href":"https:\/\/api.w.org\/{rel}","templated":true}]}}