{"id":11585,"date":"2020-01-17T16:49:23","date_gmt":"2020-01-17T19:49:23","guid":{"rendered":"https:\/\/ocomerciario.com.br\/?p=11585"},"modified":"2020-01-31T18:35:39","modified_gmt":"2020-01-31T21:35:39","slug":"convencao-coletiva-2020-2021-ja-disponivel-confira","status":"publish","type":"post","link":"https:\/\/ocomerciario.com.br\/index.php\/2020\/01\/17\/convencao-coletiva-2020-2021-ja-disponivel-confira\/","title":{"rendered":"Conven\u00e7\u00e3o Coletiva 2020\/2021 j\u00e1 dispon\u00edvel! Confira!"},"content":{"rendered":"\n<p>O Sindicato do&nbsp;Com\u00e9rcio Varejista e Atacadista de Vit\u00f3ria da Conquista e o Sindicato dos Empregados no Com\u00e9rcio de Vit\u00f3ria da Conquista firmaram&nbsp;nesta data, 15\/01, a Conven\u00e7\u00e3o Coletiva de Trabalho para os empregados no com\u00e9rcio de Vit\u00f3ria da Conquista, com vig\u00eancia de 01 de janeiro de 2020 a 31 de dezembro de 2021. Dispon\u00edvel para download no menu Conven\u00e7\u00f5es!!!<\/p>\n","protected":false},"excerpt":{"rendered":"<p>O Sindicato do&nbsp;Com\u00e9rcio Varejista e Atacadista de Vit\u00f3ria da Conquista e o Sindicato dos Empregados no Com\u00e9rcio de Vit\u00f3ria da Conquista firmaram&nbsp;nesta data, 15\/01, a Conven\u00e7\u00e3o Coletiva de Trabalho para os empregados no com\u00e9rcio de Vit\u00f3ria da Conquista, com vig\u00eancia de 01 de janeiro de 2020 a 31 de dezembro de 2021. Dispon\u00edvel para download [&hellip;]<\/p>\n","protected":false},"author":2,"featured_media":11587,"comment_status":"open","ping_status":"open","sticky":false,"template":"","format":"standard","meta":[],"categories":[2],"tags":[],"_links":{"self":[{"href":"https:\/\/ocomerciario.com.br\/index.php\/wp-json\/wp\/v2\/posts\/11585"}],"collection":[{"href":"https:\/\/ocomerciario.com.br\/index.php\/wp-json\/wp\/v2\/posts"}],"about":[{"href":"https:\/\/ocomerciario.com.br\/index.php\/wp-json\/wp\/v2\/types\/post"}],"author":[{"embeddable":true,"href":"https:\/\/ocomerciario.com.br\/index.php\/wp-json\/wp\/v2\/users\/2"}],"replies":[{"embeddable":true,"href":"https:\/\/ocomerciario.com.br\/index.php\/wp-json\/wp\/v2\/comments?post=11585"}],"version-history":[{"count":4,"href":"https:\/\/ocomerciario.com.br\/index.php\/wp-json\/wp\/v2\/posts\/11585\/revisions"}],"predecessor-version":[{"id":11602,"href":"https:\/\/ocomerciario.com.br\/index.php\/wp-json\/wp\/v2\/posts\/11585\/revisions\/11602"}],"wp:featuredmedia":[{"embeddable":true,"href":"https:\/\/ocomerciario.com.br\/index.php\/wp-json\/wp\/v2\/media\/11587"}],"wp:attachment":[{"href":"https:\/\/ocomerciario.com.br\/index.php\/wp-json\/wp\/v2\/media?parent=11585"}],"wp:term":[{"taxonomy":"category","embeddable":true,"href":"https:\/\/ocomerciario.com.br\/index.php\/wp-json\/wp\/v2\/categories?post=11585"},{"taxonomy":"post_tag","embeddable":true,"href":"https:\/\/ocomerciario.com.br\/index.php\/wp-json\/wp\/v2\/tags?post=11585"}],"curies":[{"name":"wp","href":"https:\/\/api.w.org\/{rel}","templated":true}]}}