{"id":11483,"date":"2019-08-02T16:34:01","date_gmt":"2019-08-02T19:34:01","guid":{"rendered":"https:\/\/ocomerciario.com.br\/?p=11483"},"modified":"2019-11-25T11:19:52","modified_gmt":"2019-11-25T14:19:52","slug":"sindicato-alcanca-justica-nas-acoes-de-cumprimento-em-vitoria-da-conquista-ba","status":"publish","type":"post","link":"https:\/\/ocomerciario.com.br\/index.php\/2019\/08\/02\/sindicato-alcanca-justica-nas-acoes-de-cumprimento-em-vitoria-da-conquista-ba\/","title":{"rendered":"Sindicato alcan\u00e7a justi\u00e7a nas A\u00e7\u00f5es de Cumprimento em Vit\u00f3ria da Conquista\/BA"},"content":{"rendered":"\n<div class=\"wp-block-image\"><figure class=\"alignright is-resized\"><img loading=\"lazy\" src=\"https:\/\/ocomerciario.com.br\/wp-content\/uploads\/2019\/08\/Juiz-veredicto.jpg\" alt=\"\" class=\"wp-image-11484\" width=\"335\" height=\"194\" srcset=\"https:\/\/ocomerciario.com.br\/wp-content\/uploads\/2019\/08\/Juiz-veredicto.jpg 800w, https:\/\/ocomerciario.com.br\/wp-content\/uploads\/2019\/08\/Juiz-veredicto-300x174.jpg 300w, https:\/\/ocomerciario.com.br\/wp-content\/uploads\/2019\/08\/Juiz-veredicto-768x445.jpg 768w\" sizes=\"(max-width: 335px) 100vw, 335px\" \/><\/figure><\/div>\n\n\n\n<p>O Sindicato dos Comerci\u00e1rios entrou junto ao TRT com uma s\u00e9rie de A\u00e7\u00f5es de Cumprimento contra empresas de Vit\u00f3ria da Conquista, que deixaram de recolher a contribui\u00e7\u00e3o dos seus trabalhadores para a entidade de classe por conta da MP 873\/19 que tratava da Contribui\u00e7\u00e3o Assistencial. <\/p>\n\n\n\n<p>O  Sindicato atrav\u00e9s do seu Departamento Jur\u00eddico entendeu que a MP era inconstitucional e elaborou um informativo, encaminhado \u00e0s empresas de sua base de atua\u00e7\u00e3o, solicitando a manuten\u00e7\u00e3o do desconto normalmente.  Diante da negativa de muitas empresas, o SECVC entrou com centenas de A\u00e7\u00f5es de Cumprimento na Justi\u00e7a do Trabalho conquistando diversas decis\u00f5es liminares favor\u00e1veis \u00e0 entidade. <\/p>\n\n\n\n<p>Nesta quarta-feira, 31\/7, saiu a primeira senten\u00e7a dos processos, com o reconhecimento do TRT-5 da justeza da solicita\u00e7\u00e3o do Sindicato, condenando a empresa a fazer o  recolhimento das contribui\u00e7\u00f5es em aberto, o pagamento de multa da multa do artigo 32 da CCT\/2019 e honor\u00e1rios sucumbenciais.<\/p>\n\n\n\n<p>Leia a Senten\u00e7a clicando <a href=\"https:\/\/ocomerciario.com.br\/wp-content\/uploads\/2019\/08\/sentenca-020819.pdf\" target=\"_blank\" rel=\"noreferrer noopener\" aria-label=\"AQUI (abre numa nova aba)\">AQUI<\/a><\/p>\n\n\n\n<p><\/p>\n","protected":false},"excerpt":{"rendered":"<p>O Sindicato dos Comerci\u00e1rios entrou junto ao TRT com uma s\u00e9rie de A\u00e7\u00f5es de Cumprimento contra empresas de Vit\u00f3ria da Conquista, que deixaram de recolher a contribui\u00e7\u00e3o dos seus trabalhadores para a entidade de classe por conta da MP 873\/19 que tratava da Contribui\u00e7\u00e3o Assistencial. O Sindicato atrav\u00e9s do seu Departamento Jur\u00eddico entendeu que a [&hellip;]<\/p>\n","protected":false},"author":2,"featured_media":11487,"comment_status":"open","ping_status":"open","sticky":false,"template":"","format":"standard","meta":[],"categories":[2,7],"tags":[],"_links":{"self":[{"href":"https:\/\/ocomerciario.com.br\/index.php\/wp-json\/wp\/v2\/posts\/11483"}],"collection":[{"href":"https:\/\/ocomerciario.com.br\/index.php\/wp-json\/wp\/v2\/posts"}],"about":[{"href":"https:\/\/ocomerciario.com.br\/index.php\/wp-json\/wp\/v2\/types\/post"}],"author":[{"embeddable":true,"href":"https:\/\/ocomerciario.com.br\/index.php\/wp-json\/wp\/v2\/users\/2"}],"replies":[{"embeddable":true,"href":"https:\/\/ocomerciario.com.br\/index.php\/wp-json\/wp\/v2\/comments?post=11483"}],"version-history":[{"count":1,"href":"https:\/\/ocomerciario.com.br\/index.php\/wp-json\/wp\/v2\/posts\/11483\/revisions"}],"predecessor-version":[{"id":11486,"href":"https:\/\/ocomerciario.com.br\/index.php\/wp-json\/wp\/v2\/posts\/11483\/revisions\/11486"}],"wp:featuredmedia":[{"embeddable":true,"href":"https:\/\/ocomerciario.com.br\/index.php\/wp-json\/wp\/v2\/media\/11487"}],"wp:attachment":[{"href":"https:\/\/ocomerciario.com.br\/index.php\/wp-json\/wp\/v2\/media?parent=11483"}],"wp:term":[{"taxonomy":"category","embeddable":true,"href":"https:\/\/ocomerciario.com.br\/index.php\/wp-json\/wp\/v2\/categories?post=11483"},{"taxonomy":"post_tag","embeddable":true,"href":"https:\/\/ocomerciario.com.br\/index.php\/wp-json\/wp\/v2\/tags?post=11483"}],"curies":[{"name":"wp","href":"https:\/\/api.w.org\/{rel}","templated":true}]}}